{"id":95,"date":"2010-04-29T15:12:39","date_gmt":"2010-04-29T13:12:39","guid":{"rendered":"http:\/\/folkertlenz.de\/blog\/shisha2010\/?p=95"},"modified":"2011-12-06T17:21:24","modified_gmt":"2011-12-06T15:21:24","slug":"akklimatisationsphase-beendet-annapurna-runde-im-express-stil","status":"publish","type":"post","link":"http:\/\/folkertlenz.de\/blog\/shisha2010\/?p=95","title":{"rendered":"Akklimatisationsphase beendet: Annapurna-Runde im &#8220;Express-Stil&#8221;"},"content":{"rendered":"<p style=\"text-align: justify;\">Nachdem der \u201eVortrupp\u201c \u2013 bestehend aus Folkert und Ruth \u2013 schon am 12. April in Kathmandu gelandet war, ist die Akklimatisationsphase nun vor\u00fcber. Wir sind zur\u00fcck von der ersten Tour in den nepalesischen Bergen, und ich habe dabei schon mal ein bisschen H\u00f6henluft schnuppern k\u00f6nnen: 5.416 Meter hoch ist der Thorung La \u2013 der h\u00f6chste Pass auf der so genannten Annapurna-Runde.\u00a0<\/p>\n<p style=\"text-align: justify;\"><img loading=\"lazy\" decoding=\"async\" class=\"alignleft size-medium wp-image-275\" title=\"annapurna-runde-1031\" src=\"http:\/\/folkertlenz.de\/blog\/shisha2010\/wp-content\/uploads\/2010\/06\/annapurna-runde-1031-201x300.jpg\" alt=\"annapurna-runde-1031\" width=\"201\" height=\"300\" srcset=\"http:\/\/folkertlenz.de\/blog\/shisha2010\/wp-content\/uploads\/2010\/06\/annapurna-runde-1031-201x300.jpg 201w, http:\/\/folkertlenz.de\/blog\/shisha2010\/wp-content\/uploads\/2010\/06\/annapurna-runde-1031.jpg 260w\" sizes=\"(max-width: 201px) 100vw, 201px\" \/>Wir haben ihn nach neun Tagen von Bhulbhule im Marsyangdi-Tal aus erreicht. Bewusst in ganz ruhigem Tempo, mit viel Zeit und vor allem vielen N\u00e4chten in H\u00f6hen zwischen 4.000 und 5.000 Metern. Das h\u00f6chste Bett stand dabei auf knapp 4.900 Meter H\u00f6he \u2013 dort, wo bei uns in Europa die Berge schon lange zu Ende sind. So kann sich der K\u00f6rper gut an Schlafh\u00f6hen gew\u00f6hnen, die in den kommenden Wochen bei der Achttausender-Besteigung n\u00f6tig sind.\u00a0<\/p>\n<p style=\"text-align: justify;\">Dennoch war das Durchlaufen der Annapurna-Runde f\u00fcr uns quasi eine Begehung im Express-Stil. Mindestens 21 Tage wurden bislang f\u00fcr den weltber\u00fchmten Trek rund um den zehnth\u00f6chsten Berg der Welt veranschlagt.<\/p>\n<p style=\"text-align: justify;\">Mittlerweile kann man die Wanderung \u2013 beziehungsweise das, was davon noch \u00fcbrig ist \u2013 verk\u00fcrzen auf zehn Tage. Eine Piste auf der Kali-Gandaki-Seite macht es seit einiger Zeit m\u00f6glich: Eine 12-st\u00fcndige (und anstrengende\u2026) Jeepfahrt ersetzt jetzt den tagelangen Marsch talausw\u00e4rts auf der staubigen Trasse Richtung Pokhara. Auch in der oberen Manang-Region bleibt der Natur suchende Wanderer nicht mehr von den Segnungen der Zivilisation verschont: Explosionen, Sperrungen wegen der Sprengungen beim Stra\u00dfenbau, L\u00e4rm von Baggern, Kompressoren und Presslufth\u00e4mmern begleiten den Trekker \u00fcber Tage.<\/p>\n<p style=\"text-align: justify;\"><img loading=\"lazy\" decoding=\"async\" class=\"alignright size-thumbnail wp-image-113\" title=\"annapurna-runde 0787\" src=\"http:\/\/folkertlenz.de\/blog\/shisha2010\/wp-content\/uploads\/2010\/04\/anp-0787-260-150x150.jpg\" alt=\"annapurna-runde 0787\" width=\"150\" height=\"150\" \/>Nur noch wenige Jahre d\u00fcrfte es dauern, bis der legend\u00e4re Trek von der neuen Stra\u00dfe quasi \u201eaufgefressen\u201c ist. Was den einen (den Bergbewohnern) ihre Freude, ist den anderen (den Trekkern) ihr Leid&#8230;<\/p>\n<p style=\"text-align: justify;\">Doch bis dahin bleiben noch Atem beraubende Aussichten in die Nordw\u00e4nde der Annapurna-Gipfel, spannende Einblicke in das traditionelle Landleben Nepals und die Kultur der tibetisch-st\u00e4mmigen Bewohner von Manang und Mustang.\u00a0<\/p>\n<p style=\"text-align: justify;\">Auch der Rest des Shisha-Pangma-Teams hat derweil seine H\u00f6henvorbereitungen im Wallis in der Schweiz beendet und macht sich derzeit auf den Weg nach Nepal. Am Samstag, 1. Mai, soll die Gruppe dann in Kathmandu komplett sein.<\/p>\n","protected":false},"excerpt":{"rendered":"<p>Nachdem der \u201eVortrupp\u201c \u2013 bestehend aus Folkert und Ruth \u2013 schon am 12. April in Kathmandu gelandet war, ist die Akklimatisationsphase nun vor\u00fcber. Wir sind zur\u00fcck von der ersten Tour in den nepalesischen Bergen, und ich habe dabei schon mal ein bisschen H\u00f6henluft schnuppern k\u00f6nnen: 5.416 Meter hoch ist der Thorung La \u2013 der h\u00f6chste [&hellip;]<\/p>\n","protected":false},"author":2,"featured_media":0,"comment_status":"closed","ping_status":"closed","sticky":false,"template":"","format":"standard","meta":{"footnotes":""},"categories":[1],"tags":[],"publishpress_future_action":{"enabled":false,"date":"2026-05-06 05:44:49","action":"change-status","newStatus":"draft","terms":[],"taxonomy":"category"},"publishpress_future_workflow_manual_trigger":{"enabledWorkflows":[]},"_links":{"self":[{"href":"http:\/\/folkertlenz.de\/blog\/shisha2010\/index.php?rest_route=\/wp\/v2\/posts\/95"}],"collection":[{"href":"http:\/\/folkertlenz.de\/blog\/shisha2010\/index.php?rest_route=\/wp\/v2\/posts"}],"about":[{"href":"http:\/\/folkertlenz.de\/blog\/shisha2010\/index.php?rest_route=\/wp\/v2\/types\/post"}],"author":[{"embeddable":true,"href":"http:\/\/folkertlenz.de\/blog\/shisha2010\/index.php?rest_route=\/wp\/v2\/users\/2"}],"replies":[{"embeddable":true,"href":"http:\/\/folkertlenz.de\/blog\/shisha2010\/index.php?rest_route=%2Fwp%2Fv2%2Fcomments&post=95"}],"version-history":[{"count":16,"href":"http:\/\/folkertlenz.de\/blog\/shisha2010\/index.php?rest_route=\/wp\/v2\/posts\/95\/revisions"}],"predecessor-version":[{"id":98,"href":"http:\/\/folkertlenz.de\/blog\/shisha2010\/index.php?rest_route=\/wp\/v2\/posts\/95\/revisions\/98"}],"wp:attachment":[{"href":"http:\/\/folkertlenz.de\/blog\/shisha2010\/index.php?rest_route=%2Fwp%2Fv2%2Fmedia&parent=95"}],"wp:term":[{"taxonomy":"category","embeddable":true,"href":"http:\/\/folkertlenz.de\/blog\/shisha2010\/index.php?rest_route=%2Fwp%2Fv2%2Fcategories&post=95"},{"taxonomy":"post_tag","embeddable":true,"href":"http:\/\/folkertlenz.de\/blog\/shisha2010\/index.php?rest_route=%2Fwp%2Fv2%2Ftags&post=95"}],"curies":[{"name":"wp","href":"https:\/\/api.w.org\/{rel}","templated":true}]}}