{"id":365,"date":"2010-05-30T13:13:22","date_gmt":"2010-05-30T11:13:22","guid":{"rendered":"http:\/\/folkertlenz.de\/blog\/shisha2010\/?p=365"},"modified":"2012-09-23T23:57:55","modified_gmt":"2012-09-23T21:57:55","slug":"killerrucksacke-auf-dem-weg-ins-tal","status":"publish","type":"post","link":"http:\/\/folkertlenz.de\/blog\/shisha2010\/?p=365","title":{"rendered":"Killerrucks\u00e4cke auf dem Weg ins Tal"},"content":{"rendered":"<p style=\"text-align: justify;\"><img loading=\"lazy\" decoding=\"async\" class=\"alignright size-full wp-image-369\" title=\"killerrucksack\" src=\"http:\/\/folkertlenz.de\/blog\/shisha2010\/wp-content\/uploads\/2010\/05\/killerrucksack-12031.jpg\" alt=\"killerrucksack\" width=\"245\" height=\"367\" srcset=\"http:\/\/folkertlenz.de\/blog\/shisha2010\/wp-content\/uploads\/2010\/05\/killerrucksack-12031.jpg 245w, http:\/\/folkertlenz.de\/blog\/shisha2010\/wp-content\/uploads\/2010\/05\/killerrucksack-12031-200x300.jpg 200w\" sizes=\"(max-width: 245px) 100vw, 245px\" \/>Das Abbauen der Lagerkette beim Abstieg vom Gipfel (vorgestern) war noch mal ein richtiger Kraftakt &#8211; im wahrsten Sinne des Wortes. Schon beim Verlassen von Camp 2 lie\u00dfen sich die Rucks\u00e4cke kaum noch heben.<\/p>\n<p style=\"text-align: justify;\">Der Campabbau von Lager 1 nat\u00fcrlich wieder im Schneesturm. Und nachdem wir auch noch die Zelte von dort\u00a0buckeln mussten, t\u00fcrmten sich\u00a0bei einigen wohl Lasten bis knapp 40 Kilogramm auf dem R\u00fccken. Die Skiabfahrt war ohnehin wegen der Verh\u00e4ltnisse kein Riesengenuss und wurde durch das Zusatzgewicht nicht lustvoller.<\/p>\n<p style=\"text-align: justify;\">Heute Abend erwarten wir nun die Transport-Yaks im vorgeschobenen Basislager, um dann morgen ins Basecamp am Ende der Jeep-Piste absteigen zu k\u00f6nnen.\u00a0<\/p>\n<p style=\"text-align: justify;\"><img loading=\"lazy\" decoding=\"async\" class=\"alignright size-full wp-image-375\" title=\"verschneiter-eisbruch-beim-abstieg\" src=\"http:\/\/folkertlenz.de\/blog\/shisha2010\/wp-content\/uploads\/2010\/05\/verschneiter-eisbruch-beim-abstieg-1226.jpg\" alt=\"verschneiter-eisbruch-beim-abstieg\" width=\"522\" height=\"350\" \/><\/p>\n","protected":false},"excerpt":{"rendered":"<p>Das Abbauen der Lagerkette beim Abstieg vom Gipfel (vorgestern) war noch mal ein richtiger Kraftakt &#8211; im wahrsten Sinne des Wortes. Schon beim Verlassen von Camp 2 lie\u00dfen sich die Rucks\u00e4cke kaum noch heben. Der Campabbau von Lager 1 nat\u00fcrlich wieder im Schneesturm. Und nachdem wir auch noch die Zelte von dort\u00a0buckeln mussten, t\u00fcrmten sich\u00a0bei [&hellip;]<\/p>\n","protected":false},"author":2,"featured_media":0,"comment_status":"closed","ping_status":"closed","sticky":false,"template":"","format":"standard","meta":{"footnotes":""},"categories":[1],"tags":[],"publishpress_future_action":{"enabled":false,"date":"2026-05-09 14:05:13","action":"change-status","newStatus":"draft","terms":[],"taxonomy":"category"},"publishpress_future_workflow_manual_trigger":{"enabledWorkflows":[]},"_links":{"self":[{"href":"http:\/\/folkertlenz.de\/blog\/shisha2010\/index.php?rest_route=\/wp\/v2\/posts\/365"}],"collection":[{"href":"http:\/\/folkertlenz.de\/blog\/shisha2010\/index.php?rest_route=\/wp\/v2\/posts"}],"about":[{"href":"http:\/\/folkertlenz.de\/blog\/shisha2010\/index.php?rest_route=\/wp\/v2\/types\/post"}],"author":[{"embeddable":true,"href":"http:\/\/folkertlenz.de\/blog\/shisha2010\/index.php?rest_route=\/wp\/v2\/users\/2"}],"replies":[{"embeddable":true,"href":"http:\/\/folkertlenz.de\/blog\/shisha2010\/index.php?rest_route=%2Fwp%2Fv2%2Fcomments&post=365"}],"version-history":[{"count":26,"href":"http:\/\/folkertlenz.de\/blog\/shisha2010\/index.php?rest_route=\/wp\/v2\/posts\/365\/revisions"}],"predecessor-version":[{"id":614,"href":"http:\/\/folkertlenz.de\/blog\/shisha2010\/index.php?rest_route=\/wp\/v2\/posts\/365\/revisions\/614"}],"wp:attachment":[{"href":"http:\/\/folkertlenz.de\/blog\/shisha2010\/index.php?rest_route=%2Fwp%2Fv2%2Fmedia&parent=365"}],"wp:term":[{"taxonomy":"category","embeddable":true,"href":"http:\/\/folkertlenz.de\/blog\/shisha2010\/index.php?rest_route=%2Fwp%2Fv2%2Fcategories&post=365"},{"taxonomy":"post_tag","embeddable":true,"href":"http:\/\/folkertlenz.de\/blog\/shisha2010\/index.php?rest_route=%2Fwp%2Fv2%2Ftags&post=365"}],"curies":[{"name":"wp","href":"https:\/\/api.w.org\/{rel}","templated":true}]}}