{"id":170,"date":"2010-05-19T08:51:55","date_gmt":"2010-05-19T06:51:55","guid":{"rendered":"http:\/\/folkertlenz.de\/blog\/shisha2010\/?p=170"},"modified":"2012-11-27T17:12:04","modified_gmt":"2012-11-27T15:12:04","slug":"startschuss-gefallen-unterwegs-zum-gipfel","status":"publish","type":"post","link":"http:\/\/folkertlenz.de\/blog\/shisha2010\/?p=170","title":{"rendered":"Startschuss gefallen: Unterwegs zum Gipfel"},"content":{"rendered":"<p style=\"text-align: justify;\"><span style=\"font-family: Verdana;\">\u00dcberraschend viel fr\u00fcher als geplant nun der Aufbruch. F\u00fcr Samstag hat uns Karl Gabl von der\u00a0Wetterdienststelle Innsbruck per Telefon beste Verh\u00e4ltnisse angesagt: Wenig Wind, kein Niederschlag in 8000 Meter. So hoffen wir, am 22. Mai auf dem Gipfel zu stehen. Dass alles gelinge!<\/span><\/p>\n<p style=\"text-align: justify;\"><span style=\"font-family: Verdana;\"><span style=\"font-family: Verdana;\"><img loading=\"lazy\" decoding=\"async\" class=\"size-full wp-image-268 alignright\" title=\"j\u00fcrgen-im-eisbruch\" src=\"http:\/\/folkertlenz.de\/blog\/shisha2010\/wp-content\/uploads\/2010\/05\/juergen-im-eisbruch1.jpg\" alt=\"j\u00fcrgen-im-eisbruch\" width=\"522\" height=\"350\" \/><\/span><\/span><\/p>\n<p style=\"text-align: justify;\"><span style=\"font-family: Verdana;\">F\u00fcr alle, die das im Flachland lesen, hei\u00dft es nat\u00fcrlich &#8220;Daumen dr\u00fccken&#8221;. Und feste dran glauben, dass alle heil oben und auch unten wieder ankommen! Die Zeitverschiebung betr\u00e4gt \u00fcbrigens 3:45 Stunden. Das hei\u00dft,\u00a0dort ist es schon 13.45 Uhr, w\u00e4hrend es in Deutschland erst\u00a010.00 Uhr ist.<\/span><\/p>\n","protected":false},"excerpt":{"rendered":"<p>\u00dcberraschend viel fr\u00fcher als geplant nun der Aufbruch. F\u00fcr Samstag hat uns Karl Gabl von der\u00a0Wetterdienststelle Innsbruck per Telefon beste Verh\u00e4ltnisse angesagt: Wenig Wind, kein Niederschlag in 8000 Meter. So hoffen wir, am 22. Mai auf dem Gipfel zu stehen. Dass alles gelinge! F\u00fcr alle, die das im Flachland lesen, hei\u00dft es nat\u00fcrlich &#8220;Daumen dr\u00fccken&#8221;. [&hellip;]<\/p>\n","protected":false},"author":2,"featured_media":0,"comment_status":"closed","ping_status":"closed","sticky":false,"template":"","format":"standard","meta":{"footnotes":""},"categories":[1],"tags":[],"publishpress_future_action":{"enabled":false,"date":"2026-05-06 05:49:21","action":"change-status","newStatus":"draft","terms":[],"taxonomy":"category"},"publishpress_future_workflow_manual_trigger":{"enabledWorkflows":[]},"_links":{"self":[{"href":"http:\/\/folkertlenz.de\/blog\/shisha2010\/index.php?rest_route=\/wp\/v2\/posts\/170"}],"collection":[{"href":"http:\/\/folkertlenz.de\/blog\/shisha2010\/index.php?rest_route=\/wp\/v2\/posts"}],"about":[{"href":"http:\/\/folkertlenz.de\/blog\/shisha2010\/index.php?rest_route=\/wp\/v2\/types\/post"}],"author":[{"embeddable":true,"href":"http:\/\/folkertlenz.de\/blog\/shisha2010\/index.php?rest_route=\/wp\/v2\/users\/2"}],"replies":[{"embeddable":true,"href":"http:\/\/folkertlenz.de\/blog\/shisha2010\/index.php?rest_route=%2Fwp%2Fv2%2Fcomments&post=170"}],"version-history":[{"count":18,"href":"http:\/\/folkertlenz.de\/blog\/shisha2010\/index.php?rest_route=\/wp\/v2\/posts\/170\/revisions"}],"predecessor-version":[{"id":617,"href":"http:\/\/folkertlenz.de\/blog\/shisha2010\/index.php?rest_route=\/wp\/v2\/posts\/170\/revisions\/617"}],"wp:attachment":[{"href":"http:\/\/folkertlenz.de\/blog\/shisha2010\/index.php?rest_route=%2Fwp%2Fv2%2Fmedia&parent=170"}],"wp:term":[{"taxonomy":"category","embeddable":true,"href":"http:\/\/folkertlenz.de\/blog\/shisha2010\/index.php?rest_route=%2Fwp%2Fv2%2Fcategories&post=170"},{"taxonomy":"post_tag","embeddable":true,"href":"http:\/\/folkertlenz.de\/blog\/shisha2010\/index.php?rest_route=%2Fwp%2Fv2%2Ftags&post=170"}],"curies":[{"name":"wp","href":"https:\/\/api.w.org\/{rel}","templated":true}]}}