{"id":166,"date":"2010-05-18T20:34:27","date_gmt":"2010-05-18T18:34:27","guid":{"rendered":"http:\/\/folkertlenz.de\/blog\/shisha2010\/?p=166"},"modified":"2011-12-06T17:20:34","modified_gmt":"2011-12-06T15:20:34","slug":"es-geht-weiter","status":"publish","type":"post","link":"http:\/\/folkertlenz.de\/blog\/shisha2010\/?p=166","title":{"rendered":"Es geht voran &#8211; und bergan&#8230; &#8211; Ski und Rodel gut!"},"content":{"rendered":"<p style=\"text-align: justify;\"><span style=\"font-family: Verdana;\">Neuigkeiten kommen nun erstmal im SMS-Format &#8211; umst\u00e4ndlichst eingegeben \u00fcber die Tastatur des Sat-Fons. Das hei\u00dft\u00a0kurze, knappe Infos. Aber immerhin tagesaktuell vom hohen Berg und aus der d\u00fcnnen Luft: <\/span><\/p>\n<p style=\"text-align: justify;\"><span style=\"font-family: Verdana;\"><img loading=\"lazy\" decoding=\"async\" class=\"alignleft size-thumbnail wp-image-247\" title=\"zelte-im-sturm\" src=\"http:\/\/folkertlenz.de\/blog\/shisha2010\/wp-content\/uploads\/2010\/05\/shi-1053-150x150.jpg\" alt=\"zelte-im-sturm\" width=\"150\" height=\"150\" \/>Die Lagerkette steht jetzt bis auf 7000 Meter. Nach drei Tagen\u00a0harter Arbeit haben wir jetzt auch Lager 2a ziemlich weit hinten im so genannten &#8220;Korridor&#8221; aufgebaut, der das Tal vom Gipfelmassiv trennt. Zwei Zelte stehen schon unter der Gipfelwand, die zum Lager 3 auf 7.400 Meter hinauff\u00fchrt. Die Aufbauarbeiten\u00a0waren zum Teil garniert mit Traum-Skiabfahrten im Himalaja-Powder. An anderen Tagen gab es dagegen nur windgepressten Harsch. <\/span><\/p>\n<p style=\"text-align: justify;\"><span style=\"font-family: Verdana;\">Immer wieder nervig: Der anhaltende Sturm. Es gibt kaum einen Tag, an dem der Wind mal inneh\u00e4lt. Stunden, in denen man im Basislager drau\u00dfen sitzen kann? Fehlanzeige! Das Lager 1 konnten wir erst errichten, nachdem wir uns ein paar Stunden lang im Schnee eingegraben hatten, um dem Orkan zu entgehen. <\/span><\/p>\n<p style=\"text-align: justify;\"><span style=\"font-family: Verdana;\"><img loading=\"lazy\" decoding=\"async\" class=\"alignright size-full wp-image-248\" title=\"mal-wieder-orkan\" src=\"http:\/\/folkertlenz.de\/blog\/shisha2010\/wp-content\/uploads\/2010\/05\/shi-1071.jpg\" alt=\"shi-1071\" width=\"300\" height=\"225\" \/>Wir haben uns dann in die Zeltapsiden unserer spanischen Companeros gefl\u00fcchtet, um abzuwarten. Die Spitzenberg- steigerin Edurne Pasaban, die gerade auf dem Weg zu ihrem\u00a0vierzehnten 8000er-Gipfel war, zeigte sich nicht so amused, als wir in ihrem Vorzelt auftauchten. Ganz anders ihre Sherpa-Truppe im Nachbarzelt. Dort wurden baskischer Schinken und &#8220;Schnittchen&#8221; gereicht&#8230; <\/span><\/p>\n<p style=\"text-align: justify;\"><span style=\"font-family: Verdana;\">Wir haben schon viele N\u00e4chte weit \u00fcber 6.000 Meter zugebracht. Die Akklimatisierungsphase geht damit ihrem Ende entgegen &#8211;\u00a0im Express-Verfahren. Jetzt hei\u00dft es Warten auf das n\u00e4chste Sch\u00f6nwetterfenster. Dann ist der Weg zum Gipfel frei! <\/span><\/p>\n","protected":false},"excerpt":{"rendered":"<p>Neuigkeiten kommen nun erstmal im SMS-Format &#8211; umst\u00e4ndlichst eingegeben \u00fcber die Tastatur des Sat-Fons. Das hei\u00dft\u00a0kurze, knappe Infos. Aber immerhin tagesaktuell vom hohen Berg und aus der d\u00fcnnen Luft: Die Lagerkette steht jetzt bis auf 7000 Meter. Nach drei Tagen\u00a0harter Arbeit haben wir jetzt auch Lager 2a ziemlich weit hinten im so genannten &#8220;Korridor&#8221; aufgebaut, [&hellip;]<\/p>\n","protected":false},"author":2,"featured_media":0,"comment_status":"closed","ping_status":"closed","sticky":false,"template":"","format":"standard","meta":{"footnotes":""},"categories":[1],"tags":[],"publishpress_future_action":{"enabled":false,"date":"2026-05-06 05:49:16","action":"change-status","newStatus":"draft","terms":[],"taxonomy":"category"},"publishpress_future_workflow_manual_trigger":{"enabledWorkflows":[]},"_links":{"self":[{"href":"http:\/\/folkertlenz.de\/blog\/shisha2010\/index.php?rest_route=\/wp\/v2\/posts\/166"}],"collection":[{"href":"http:\/\/folkertlenz.de\/blog\/shisha2010\/index.php?rest_route=\/wp\/v2\/posts"}],"about":[{"href":"http:\/\/folkertlenz.de\/blog\/shisha2010\/index.php?rest_route=\/wp\/v2\/types\/post"}],"author":[{"embeddable":true,"href":"http:\/\/folkertlenz.de\/blog\/shisha2010\/index.php?rest_route=\/wp\/v2\/users\/2"}],"replies":[{"embeddable":true,"href":"http:\/\/folkertlenz.de\/blog\/shisha2010\/index.php?rest_route=%2Fwp%2Fv2%2Fcomments&post=166"}],"version-history":[{"count":16,"href":"http:\/\/folkertlenz.de\/blog\/shisha2010\/index.php?rest_route=\/wp\/v2\/posts\/166\/revisions"}],"predecessor-version":[{"id":584,"href":"http:\/\/folkertlenz.de\/blog\/shisha2010\/index.php?rest_route=\/wp\/v2\/posts\/166\/revisions\/584"}],"wp:attachment":[{"href":"http:\/\/folkertlenz.de\/blog\/shisha2010\/index.php?rest_route=%2Fwp%2Fv2%2Fmedia&parent=166"}],"wp:term":[{"taxonomy":"category","embeddable":true,"href":"http:\/\/folkertlenz.de\/blog\/shisha2010\/index.php?rest_route=%2Fwp%2Fv2%2Fcategories&post=166"},{"taxonomy":"post_tag","embeddable":true,"href":"http:\/\/folkertlenz.de\/blog\/shisha2010\/index.php?rest_route=%2Fwp%2Fv2%2Ftags&post=166"}],"curies":[{"name":"wp","href":"https:\/\/api.w.org\/{rel}","templated":true}]}}