{"id":117,"date":"2010-04-30T08:15:12","date_gmt":"2010-04-30T06:15:12","guid":{"rendered":"http:\/\/folkertlenz.de\/blog\/shisha2010\/?p=117"},"modified":"2019-10-24T12:18:37","modified_gmt":"2019-10-24T10:18:37","slug":"nepal-innenpolitische-lage-spitzt-sich-zu","status":"publish","type":"post","link":"http:\/\/folkertlenz.de\/blog\/shisha2010\/?p=117","title":{"rendered":"Nepal: Innenpolitische Lage spitzt sich zu"},"content":{"rendered":"<p style=\"text-align: justify;\">Es herrscht mal wieder Unruhe in Kathmandu: Die &#8220;Vereinigte Kommunistische Partei Nepals&#8221; &#8211; die so genannten Maoisten &#8211; wollen den 1. Mai f\u00fcr eine Gro\u00dfdemonstration in der Hauptstadt nutzen. Sie haben in den vergangenen Tagen schon Zehntausende Anh\u00e4nger ins Kathmandu-Tal gebracht. Zudem fordern sie den R\u00fccktritt des Premierministers bis zum morgigen Samstag. Sollte der Premierminister nicht zur\u00fccktreten, so rufen die Maoisten ab Sonntag, 2. Mai, einen unbefristeten Generalstreik aus.<br \/>\n<img loading=\"lazy\" decoding=\"async\" class=\"alignright size-thumbnail wp-image-150\" title=\"kathmandu-demonstrationen-shi-0561-300\" src=\"http:\/\/folkertlenz.de\/blog\/shisha2010\/wp-content\/uploads\/2010\/04\/kathmandu-demonstrationen-shi-0561-300-150x150.jpg\" alt=\"kathmandu-demonstrationen-shi-0561-300\" width=\"150\" height=\"150\" \/>Politische Analysten in nahezu allen englischsprachigen Zeitungen in Nepal gehen davon aus, dass es nicht nur am 1. Mai wieder zu gewaltsamen Zusammenst\u00f6\u00dfen kommen k\u00f6nnte. Es w\u00e4chst au\u00dferdem die Sorge, dass der B\u00fcrgerkrieg im Mai erneut aufflammen k\u00f6nnte, denn bis Ende des Monats muss die nepalesische \u00dcbergangskonstitution durch eine neue Verfassung ersetzt werden. Es sieht aber nicht danach aus, als ob der Verfassungskonvent das fristgerecht hinbekommt.<br \/>\nDie Maoisten hatten in den vergangenen Tagen versprochen,\u00a0die Bereiche Medien, Gesundheit und (sic!) Tourismus von den Streikma\u00dfnahmen auszunehmen. Im Vorfeld der Massendemonstrationen wird der Ton allerdings rauer. Wir sind gespannt, ob die Aktivisten\u00a0das gesamte \u00f6ffentliche Leben blockieren.\u00a0 Das k\u00f6nnte unsere Abfahrt nach Tibet gef\u00e4hrden.<\/p>\n","protected":false},"excerpt":{"rendered":"<p>Es herrscht mal wieder Unruhe in Kathmandu: Die &#8220;Vereinigte Kommunistische Partei Nepals&#8221; &#8211; die so genannten Maoisten &#8211; wollen den 1. Mai f\u00fcr eine Gro\u00dfdemonstration in der Hauptstadt nutzen. Sie haben in den vergangenen Tagen schon Zehntausende Anh\u00e4nger ins Kathmandu-Tal gebracht. Zudem fordern sie den R\u00fccktritt des Premierministers bis zum morgigen Samstag. Sollte der Premierminister [&hellip;]<\/p>\n","protected":false},"author":2,"featured_media":0,"comment_status":"closed","ping_status":"closed","sticky":false,"template":"","format":"standard","meta":{"footnotes":""},"categories":[1],"tags":[],"publishpress_future_action":{"enabled":false,"date":"2026-05-06 05:50:06","action":"change-status","newStatus":"draft","terms":[],"taxonomy":"category"},"publishpress_future_workflow_manual_trigger":{"enabledWorkflows":[]},"_links":{"self":[{"href":"http:\/\/folkertlenz.de\/blog\/shisha2010\/index.php?rest_route=\/wp\/v2\/posts\/117"}],"collection":[{"href":"http:\/\/folkertlenz.de\/blog\/shisha2010\/index.php?rest_route=\/wp\/v2\/posts"}],"about":[{"href":"http:\/\/folkertlenz.de\/blog\/shisha2010\/index.php?rest_route=\/wp\/v2\/types\/post"}],"author":[{"embeddable":true,"href":"http:\/\/folkertlenz.de\/blog\/shisha2010\/index.php?rest_route=\/wp\/v2\/users\/2"}],"replies":[{"embeddable":true,"href":"http:\/\/folkertlenz.de\/blog\/shisha2010\/index.php?rest_route=%2Fwp%2Fv2%2Fcomments&post=117"}],"version-history":[{"count":9,"href":"http:\/\/folkertlenz.de\/blog\/shisha2010\/index.php?rest_route=\/wp\/v2\/posts\/117\/revisions"}],"predecessor-version":[{"id":588,"href":"http:\/\/folkertlenz.de\/blog\/shisha2010\/index.php?rest_route=\/wp\/v2\/posts\/117\/revisions\/588"}],"wp:attachment":[{"href":"http:\/\/folkertlenz.de\/blog\/shisha2010\/index.php?rest_route=%2Fwp%2Fv2%2Fmedia&parent=117"}],"wp:term":[{"taxonomy":"category","embeddable":true,"href":"http:\/\/folkertlenz.de\/blog\/shisha2010\/index.php?rest_route=%2Fwp%2Fv2%2Fcategories&post=117"},{"taxonomy":"post_tag","embeddable":true,"href":"http:\/\/folkertlenz.de\/blog\/shisha2010\/index.php?rest_route=%2Fwp%2Fv2%2Ftags&post=117"}],"curies":[{"name":"wp","href":"https:\/\/api.w.org\/{rel}","templated":true}]}}